{"id":57060,"date":"2022-07-25T13:03:44","date_gmt":"2022-07-25T11:03:44","guid":{"rendered":"https:\/\/www.v-label.eu\/?p=38204"},"modified":"2023-06-28T11:49:16","modified_gmt":"2023-06-28T09:49:16","slug":"biofach-2022-ein-erlebnis-fuer-alle-veggie-sinne","status":"publish","type":"post","link":"https:\/\/www.v-label.com\/de\/news-de\/biofach-2022-ein-erlebnis-fuer-alle-veggie-sinne\/","title":{"rendered":"BIOFACH 2022: Ein Erlebnis f\u00fcr alle (Veggie-)Sinne"},"content":{"rendered":"\n<p><span style=\"font-weight: 400;\">Nach langer Corona-Pause ist es endlich soweit: Die Weltleitmesse f\u00fcr Bio-Lebensmittel findet <\/span><b>vom 26. bis 29. Juli in N\u00fcrnberg<\/b><span style=\"font-weight: 400;\"> statt.<\/span> <span style=\"font-weight: 400;\">Neben Gaumenfreuden bei Verkostungen, spannenden Vortr\u00e4gen zu Zukunftsthemen und der Vorstellung innovativer Ideen k\u00f6nnen Sie zusammen mit dem V-Label die Neuheiten der<\/span> <span style=\"font-weight: 400;\">pflanzlichen Welt<\/span> <span style=\"font-weight: 400;\">entdecken.<\/span><\/p>\n\n\n\n<p><span style=\"font-weight: 400;\">Das V-Label ist auf der begleitenden Konferenz in der von ProVeg e.V. gestalteten <\/span><i><span style=\"font-weight: 400;\">Erlebniswelt Vegan<\/span><\/i><span style=\"font-weight: 400;\"> mit drei spannenden Vortr\u00e4gen vertreten:<\/span><\/p>\n\n\n\n<ul class=\"wp-block-list\">\n<li><span style=\"font-weight: 400;\">Am Dienstag, den 26. Juli um 12 Uhr spricht Sare Akyar, Marketing-Expertin, zum Thema <\/span><b>Kennzeichnung von veganen und vegetarischen Lebensmitteln: Transparenz, Vertrauen und Orientierung bieten.<\/b><\/li>\n\n\n\n<li><span style=\"font-weight: 400;\">Am Mittwoch, den 27. Juli um 13 Uhr informiert unser Qualit\u00e4tsmanagement-Experte Martin Hesse zu <\/span><b>Wein ist aus Trauben &#8211; wieso sind nicht alle Weine vegan?<\/b><\/li>\n\n\n\n<li><span style=\"font-weight: 400;\">Und am Donnerstag, den 28. Juli um 14 Uhr h\u00f6ren wir nochmal Sare Akyar, diesmal zum Thema: <\/span><b>&#8222;Ich dachte, das ist vegan?&#8220; Versteckte Tiere in Lebensmitteln, Kosmetik und Non-Food.<\/b><\/li>\n<\/ul>\n\n\n\n<p><span style=\"font-weight: 400;\">Wir sind an unserem Stand in der<\/span><i><span style=\"font-weight: 400;\"> Erlebniswelt Vegan<\/span><\/i><span style=\"font-weight: 400;\"> in Halle 4, direkt links von der B\u00fchne, f\u00fcr Sie da. Kommen Sie vorbei und sprechen Sie uns an, wir freuen uns auf Ihren Besuch.<\/span><\/p>\n\n\n\n<p><span style=\"font-weight: 400;\">Au\u00dferdem wird das V-Label live auf den Kommunikationskan\u00e4len<\/span><a href=\"https:\/\/www.facebook.com\/people\/vlabeldeutsch\/100083277725666\/\" target=\"_blank\" rel=\"noopener\"> <span style=\"font-weight: 400;\">Facebook<\/span><\/a><span style=\"font-weight: 400;\"> und<\/span><a href=\"http:\/\/instagram.de\/vlabel.deutsch\" target=\"_blank\" rel=\"noopener\"> <span style=\"font-weight: 400;\">Instagram<\/span><\/a><span style=\"font-weight: 400;\"> von der Messe berichten, um Interessierte auch virtuell mitzunehmen. Begleitet wird diese Zeit online von spannenden Beitr\u00e4gen und Informationen rund um das Thema Vegan und Bio, <\/span><a href=\"http:\/\/instagram.de\/vlabel.deutsch\" target=\"_blank\" rel=\"noopener\"><span style=\"font-weight: 400;\">schauen Sie selbst<\/span><\/a><span style=\"font-weight: 400;\">.<\/span><\/p>\n\n\n\n<p><span style=\"font-weight: 400;\">Freuen Sie sich auf die Vorstellung vieler neuer Produkte aus dem veganen und vegetarischen Bereich. Fragen Sie <\/span><a href=\"https:\/\/www.v-label.eu\/de\/das-v-label-fuer-neukunden\" target=\"_blank\" rel=\"noopener\"><span style=\"font-weight: 400;\">hier<\/span><\/a> <span style=\"font-weight: 400;\">Ihr unverbindliches Angebot an, um Ihren Kund:innen Transparenz, Klarheit und Offenheit zu bieten.<\/span><\/p>\n","protected":false},"excerpt":{"rendered":"<p>Nach langer Corona-Pause ist es endlich soweit: Die Weltleitmesse f\u00fcr Bio-Lebensmittel findet vom 26. bis 29. Juli in N\u00fcrnberg statt. Neben Gaumenfreuden bei Verkostungen, spannenden Vortr\u00e4gen zu Zukunftsthemen und der Vorstellung innovativer Ideen k\u00f6nnen Sie zusammen mit dem V-Label die Neuheiten der pflanzlichen Welt entdecken. Das V-Label ist auf der begleitenden Konferenz in der von [&hellip;]<\/p>\n","protected":false},"author":13,"featured_media":61575,"comment_status":"closed","ping_status":"closed","sticky":false,"template":"","format":"standard","meta":{"_acf_changed":false,"_editorskit_title_hidden":false,"_editorskit_reading_time":0,"_editorskit_is_block_options_detached":false,"_editorskit_block_options_position":"{}","inline_featured_image":false,"_uag_custom_page_level_css":"","footnotes":""},"categories":[466],"tags":[535,536,537,538,539,540,541,542,543,544,545,546],"class_list":["post-57060","post","type-post","status-publish","format-standard","has-post-thumbnail","hentry","category-news-de","tag-bio","tag-bio-und-vegan","tag-biofach","tag-klarheit","tag-messe","tag-orientierung","tag-transparenz","tag-v-label","tag-vegan","tag-vegetarisch","tag-vernetzung","tag-vortraege"],"acf":[],"uagb_featured_image_src":{"full":["https:\/\/www.v-label.com\/wp-content\/uploads\/2022\/07\/biofach-2020-vegan-plant-based-section-credit-nuernbergmesse-scaled-1.jpg",2560,1707,false],"thumbnail":["https:\/\/www.v-label.com\/wp-content\/uploads\/2022\/07\/biofach-2020-vegan-plant-based-section-credit-nuernbergmesse-scaled-1-500x333.jpg",500,333,true],"medium":["https:\/\/www.v-label.com\/wp-content\/uploads\/2022\/07\/biofach-2020-vegan-plant-based-section-credit-nuernbergmesse-scaled-1-300x200.jpg",300,200,true],"medium_large":["https:\/\/www.v-label.com\/wp-content\/uploads\/2022\/07\/biofach-2020-vegan-plant-based-section-credit-nuernbergmesse-scaled-1-768x512.jpg",768,512,true],"large":["https:\/\/www.v-label.com\/wp-content\/uploads\/2022\/07\/biofach-2020-vegan-plant-based-section-credit-nuernbergmesse-scaled-1-1024x683.jpg",1024,683,true],"1536x1536":["https:\/\/www.v-label.com\/wp-content\/uploads\/2022\/07\/biofach-2020-vegan-plant-based-section-credit-nuernbergmesse-scaled-1-1536x1024.jpg",1536,1024,true],"2048x2048":["https:\/\/www.v-label.com\/wp-content\/uploads\/2022\/07\/biofach-2020-vegan-plant-based-section-credit-nuernbergmesse-scaled-1-2048x1366.jpg",2048,1366,true],"preview":["https:\/\/www.v-label.com\/wp-content\/uploads\/2022\/07\/biofach-2020-vegan-plant-based-section-credit-nuernbergmesse-scaled-1-904x720.jpg",904,720,true],"header":["https:\/\/www.v-label.com\/wp-content\/uploads\/2022\/07\/biofach-2020-vegan-plant-based-section-credit-nuernbergmesse-scaled-1-2000x720.jpg",2000,720,true],"gform-image-choice-sm":["https:\/\/www.v-label.com\/wp-content\/uploads\/2022\/07\/biofach-2020-vegan-plant-based-section-credit-nuernbergmesse-scaled-1.jpg",300,200,false],"gform-image-choice-md":["https:\/\/www.v-label.com\/wp-content\/uploads\/2022\/07\/biofach-2020-vegan-plant-based-section-credit-nuernbergmesse-scaled-1.jpg",400,267,false],"gform-image-choice-lg":["https:\/\/www.v-label.com\/wp-content\/uploads\/2022\/07\/biofach-2020-vegan-plant-based-section-credit-nuernbergmesse-scaled-1.jpg",600,400,false]},"uagb_author_info":{"display_name":"V-Label Germany","author_link":"https:\/\/www.v-label.com\/de"},"uagb_comment_info":0,"uagb_excerpt":"Nach langer Corona-Pause ist es endlich soweit: Die Weltleitmesse f\u00fcr Bio-Lebensmittel findet vom 26. bis 29. Juli in N\u00fcrnberg statt. Neben Gaumenfreuden bei Verkostungen, spannenden Vortr\u00e4gen zu Zukunftsthemen und der Vorstellung innovativer Ideen k\u00f6nnen Sie zusammen mit dem V-Label die Neuheiten der pflanzlichen Welt entdecken. Das V-Label ist auf der begleitenden Konferenz in der von&hellip;","_links":{"self":[{"href":"https:\/\/www.v-label.com\/de\/wp-json\/wp\/v2\/posts\/57060","targetHints":{"allow":["GET"]}}],"collection":[{"href":"https:\/\/www.v-label.com\/de\/wp-json\/wp\/v2\/posts"}],"about":[{"href":"https:\/\/www.v-label.com\/de\/wp-json\/wp\/v2\/types\/post"}],"author":[{"embeddable":true,"href":"https:\/\/www.v-label.com\/de\/wp-json\/wp\/v2\/users\/13"}],"replies":[{"embeddable":true,"href":"https:\/\/www.v-label.com\/de\/wp-json\/wp\/v2\/comments?post=57060"}],"version-history":[{"count":2,"href":"https:\/\/www.v-label.com\/de\/wp-json\/wp\/v2\/posts\/57060\/revisions"}],"predecessor-version":[{"id":61611,"href":"https:\/\/www.v-label.com\/de\/wp-json\/wp\/v2\/posts\/57060\/revisions\/61611"}],"wp:featuredmedia":[{"embeddable":true,"href":"https:\/\/www.v-label.com\/de\/wp-json\/wp\/v2\/media\/61575"}],"wp:attachment":[{"href":"https:\/\/www.v-label.com\/de\/wp-json\/wp\/v2\/media?parent=57060"}],"wp:term":[{"taxonomy":"category","embeddable":true,"href":"https:\/\/www.v-label.com\/de\/wp-json\/wp\/v2\/categories?post=57060"},{"taxonomy":"post_tag","embeddable":true,"href":"https:\/\/www.v-label.com\/de\/wp-json\/wp\/v2\/tags?post=57060"}],"curies":[{"name":"wp","href":"https:\/\/api.w.org\/{rel}","templated":true}]}}