{"id":95974,"date":"2025-04-14T15:31:19","date_gmt":"2025-04-14T13:31:19","guid":{"rendered":"https:\/\/www.v-label.com\/?p=95974"},"modified":"2025-04-14T15:31:22","modified_gmt":"2025-04-14T13:31:22","slug":"conoces-el-sello-v-label-participa-en-nuestra-encuesta","status":"publish","type":"post","link":"https:\/\/www.v-label.com\/es\/noticias\/conoces-el-sello-v-label-participa-en-nuestra-encuesta\/","title":{"rendered":"\u00bfConoces el sello V-Label? \u00a1Participa en nuestra encuesta!"},"content":{"rendered":"\n<figure class=\"wp-block-image aligncenter size-large is-resized\"><img decoding=\"async\" width=\"1024\" height=\"1024\" src=\"https:\/\/www.v-label.com\/wp-content\/uploads\/2025\/04\/encuesta-reconocimeinto-v-label-1024x1024.jpg\" alt=\"\" class=\"wp-image-95975\" style=\"width:458px;height:auto\" srcset=\"https:\/\/www.v-label.com\/wp-content\/uploads\/2025\/04\/encuesta-reconocimeinto-v-label-1024x1024.jpg 1024w, https:\/\/www.v-label.com\/wp-content\/uploads\/2025\/04\/encuesta-reconocimeinto-v-label-300x300.jpg 300w, https:\/\/www.v-label.com\/wp-content\/uploads\/2025\/04\/encuesta-reconocimeinto-v-label-500x500.jpg 500w, https:\/\/www.v-label.com\/wp-content\/uploads\/2025\/04\/encuesta-reconocimeinto-v-label-768x768.jpg 768w, https:\/\/www.v-label.com\/wp-content\/uploads\/2025\/04\/encuesta-reconocimeinto-v-label.jpg 1080w\" sizes=\"(max-width: 1024px) 100vw, 1024px\" \/><\/figure>\n\n\n\n<p><strong>Desde la Uni\u00f3n Vegetariana Espa\u00f1ola lanzamos este lunes 7 de abril una encuesta para conocer el grado de reconocimiento del sello V-Label en Espa\u00f1a.<\/strong><\/p>\n\n\n\n<p>El objetivo de esta iniciativa es entender c\u00f3mo percibe la sociedad este distintivo internacional que identifica productos veganos y vegetarianos, as\u00ed como conocer su impacto en los h\u00e1bitos de consumo y las decisiones de compra.<\/p>\n\n\n\n<p><strong>V-Label<\/strong> es un sello reconocido a nivel mundial que certifica productos y servicios veganos y vegetarianos. En Espa\u00f1a, es gestionado exclusivamente por la UVE, y se ha convertido en una herramienta de confianza tanto para las personas consumidoras como para las marcas comprometidas con una alimentaci\u00f3n m\u00e1s \u00e9tica, saludable y sostenible.<\/p>\n\n\n\n<p>Con esta encuesta buscamos recoger datos que nos permitan seguir mejorando la visibilidad y comprensi\u00f3n del sello, adem\u00e1s de reforzar su papel como referente en el mercado plant-based.<\/p>\n\n\n\n<p>\ud83d\udc49 <strong>La encuesta estar\u00e1 disponible desde hoy mismo <\/strong>a trav\u00e9s de nuestros canales de comunicaci\u00f3n y redes sociales. \u00a1Tu opini\u00f3n es fundamental!<\/p>\n\n\n\n<p><strong>\u00a1Contamos contigo!<\/strong> Participar te llevar\u00e1 solo unos minutos y estar\u00e1s contribuyendo a impulsar una alimentaci\u00f3n m\u00e1s consciente y responsable. Rellena la encuesta aqu\u00ed <a href=\"https:\/\/es.surveymonkey.com\/r\/selloV-LabelEspana\" target=\"_blank\" rel=\"noopener\">https:\/\/es.surveymonkey.com\/r\/selloV-LabelEspana<\/a><\/p>\n","protected":false},"excerpt":{"rendered":"<p>Desde la Uni\u00f3n Vegetariana Espa\u00f1ola lanzamos este lunes 7 de abril una encuesta para conocer el grado de reconocimiento del sello V-Label en Espa\u00f1a. El objetivo de esta iniciativa es entender c\u00f3mo percibe la sociedad este distintivo internacional que identifica productos veganos y vegetarianos, as\u00ed como conocer su impacto en los h\u00e1bitos de consumo y [&hellip;]<\/p>\n","protected":false},"author":5,"featured_media":95975,"comment_status":"closed","ping_status":"closed","sticky":false,"template":"","format":"standard","meta":{"_acf_changed":false,"_editorskit_title_hidden":false,"_editorskit_reading_time":0,"_editorskit_is_block_options_detached":false,"_editorskit_block_options_position":"{}","inline_featured_image":false,"_uag_custom_page_level_css":"","footnotes":""},"categories":[3674],"tags":[],"class_list":["post-95974","post","type-post","status-publish","format-standard","has-post-thumbnail","hentry","category-noticias"],"acf":[],"uagb_featured_image_src":{"full":["https:\/\/www.v-label.com\/wp-content\/uploads\/2025\/04\/encuesta-reconocimeinto-v-label.jpg",1080,1080,false],"thumbnail":["https:\/\/www.v-label.com\/wp-content\/uploads\/2025\/04\/encuesta-reconocimeinto-v-label-500x500.jpg",500,500,true],"medium":["https:\/\/www.v-label.com\/wp-content\/uploads\/2025\/04\/encuesta-reconocimeinto-v-label-300x300.jpg",300,300,true],"medium_large":["https:\/\/www.v-label.com\/wp-content\/uploads\/2025\/04\/encuesta-reconocimeinto-v-label-768x768.jpg",768,768,true],"large":["https:\/\/www.v-label.com\/wp-content\/uploads\/2025\/04\/encuesta-reconocimeinto-v-label-1024x1024.jpg",1024,1024,true],"1536x1536":["https:\/\/www.v-label.com\/wp-content\/uploads\/2025\/04\/encuesta-reconocimeinto-v-label.jpg",1080,1080,false],"2048x2048":["https:\/\/www.v-label.com\/wp-content\/uploads\/2025\/04\/encuesta-reconocimeinto-v-label.jpg",1080,1080,false],"preview":["https:\/\/www.v-label.com\/wp-content\/uploads\/2025\/04\/encuesta-reconocimeinto-v-label-904x720.jpg",904,720,true],"header":["https:\/\/www.v-label.com\/wp-content\/uploads\/2025\/04\/encuesta-reconocimeinto-v-label-1080x720.jpg",1080,720,true],"gform-image-choice-sm":["https:\/\/www.v-label.com\/wp-content\/uploads\/2025\/04\/encuesta-reconocimeinto-v-label.jpg",300,300,false],"gform-image-choice-md":["https:\/\/www.v-label.com\/wp-content\/uploads\/2025\/04\/encuesta-reconocimeinto-v-label.jpg",400,400,false],"gform-image-choice-lg":["https:\/\/www.v-label.com\/wp-content\/uploads\/2025\/04\/encuesta-reconocimeinto-v-label.jpg",600,600,false]},"uagb_author_info":{"display_name":"Can Aslan","author_link":"https:\/\/www.v-label.com\/es"},"uagb_comment_info":0,"uagb_excerpt":"Desde la Uni\u00f3n Vegetariana Espa\u00f1ola lanzamos este lunes 7 de abril una encuesta para conocer el grado de reconocimiento del sello V-Label en Espa\u00f1a. El objetivo de esta iniciativa es entender c\u00f3mo percibe la sociedad este distintivo internacional que identifica productos veganos y vegetarianos, as\u00ed como conocer su impacto en los h\u00e1bitos de consumo y&hellip;","_links":{"self":[{"href":"https:\/\/www.v-label.com\/es\/wp-json\/wp\/v2\/posts\/95974","targetHints":{"allow":["GET"]}}],"collection":[{"href":"https:\/\/www.v-label.com\/es\/wp-json\/wp\/v2\/posts"}],"about":[{"href":"https:\/\/www.v-label.com\/es\/wp-json\/wp\/v2\/types\/post"}],"author":[{"embeddable":true,"href":"https:\/\/www.v-label.com\/es\/wp-json\/wp\/v2\/users\/5"}],"replies":[{"embeddable":true,"href":"https:\/\/www.v-label.com\/es\/wp-json\/wp\/v2\/comments?post=95974"}],"version-history":[{"count":1,"href":"https:\/\/www.v-label.com\/es\/wp-json\/wp\/v2\/posts\/95974\/revisions"}],"predecessor-version":[{"id":96023,"href":"https:\/\/www.v-label.com\/es\/wp-json\/wp\/v2\/posts\/95974\/revisions\/96023"}],"wp:featuredmedia":[{"embeddable":true,"href":"https:\/\/www.v-label.com\/es\/wp-json\/wp\/v2\/media\/95975"}],"wp:attachment":[{"href":"https:\/\/www.v-label.com\/es\/wp-json\/wp\/v2\/media?parent=95974"}],"wp:term":[{"taxonomy":"category","embeddable":true,"href":"https:\/\/www.v-label.com\/es\/wp-json\/wp\/v2\/categories?post=95974"},{"taxonomy":"post_tag","embeddable":true,"href":"https:\/\/www.v-label.com\/es\/wp-json\/wp\/v2\/tags?post=95974"}],"curies":[{"name":"wp","href":"https:\/\/api.w.org\/{rel}","templated":true}]}}